{"id":635,"date":"2026-08-19T13:13:17","date_gmt":"2026-08-19T11:13:17","guid":{"rendered":"https:\/\/rutadelosmercaderes.com\/?p=635"},"modified":"2026-08-19T13:13:18","modified_gmt":"2026-08-19T11:13:18","slug":"que-voir-a-burgos-guide-complet","status":"publish","type":"post","link":"https:\/\/rutadelosmercaderes.com\/fr\/2026\/08\/19\/que-voir-a-burgos-guide-complet\/","title":{"rendered":"Que voir \u00e0 Burgos : le guide qui commence l\u00e0 o\u00f9 les autres s&rsquo;arr\u00eatent"},"content":{"rendered":"\n<p class=\"wp-block-paragraph\">Si vous cherchez <strong>que voir \u00e0 Burgos<\/strong>, il y a de fortes chances que vous connaissiez d\u00e9j\u00e0 la premi\u00e8re r\u00e9ponse : la Cath\u00e9drale. C'est normal, c'est justifi\u00e9, et c'est le point de d\u00e9part incontournable de toute visite de la ville. Mais la plupart des guides s'arr\u00eatent l\u00e0, ou pr\u00e9sentent le reste des monuments de la ville comme s'ils \u00e9taient \u00e0 des kilom\u00e8tres les uns des autres.<\/p>\n\n\n\n<p class=\"wp-block-paragraph\">Ce n'est pas le cas. Burgos poss\u00e8de l'un des centres historiques les plus compacts et les plus praticables \u00e0 pied d'Espagne, et certains de ses tr\u00e9sors artistiques les plus importants se trouvent litt\u00e9ralement au coin de la rue de la Cath\u00e9drale. Ce guide vous emm\u00e8ne \u00e0 travers les monuments incontournables de la ville, en commen\u00e7ant par le plus c\u00e9l\u00e8bre \u2014 mais sans s'arr\u00eater l\u00e0.<\/p>\n\n\n\n<h2 id=\"h-1-cathedrale-de-burgos\" class=\"wp-block-heading\">1. Cath\u00e9drale de Burgos<\/h2>\n\n\n\n<p class=\"wp-block-paragraph\">Commen\u00e7ons par l'\u00e9vidence, car ici l'\u00e9vidence est plus que justifi\u00e9e. La Cath\u00e9drale de Burgos est class\u00e9e au patrimoine mondial de l'UNESCO depuis 1984, l'un des sommets du gothique espagnol, avec pr\u00e8s de huit si\u00e8cles d'histoire depuis la pose de sa premi\u00e8re pierre en 1221. Ses fl\u00e8ches ajour\u00e9es, la Chapelle du Conn\u00e9table et l'Escalier Dor\u00e9 sont incontournables.<\/p>\n\n\n\n<p class=\"wp-block-paragraph\">Le billet d'entr\u00e9e g\u00e9n\u00e9rale co\u00fbte 11 \u20ac (selon le <a href=\"https:\/\/catedraldeburgos.es\/visitas\/\" target=\"_blank\" rel=\"noreferrer noopener\">site officiel de la Cath\u00e9drale<\/a>, tarif en vigueur depuis avril 2026), avec des tarifs r\u00e9duits et un acc\u00e8s gratuit limit\u00e9 le mardi de 9h30 \u00e0 11h25.<\/p>\n\n\n\n<p class=\"wp-block-paragraph\">Consacrez-lui au moins une heure et demie. Mais une fois dehors, ne repartez pas tout de suite.<\/p>\n\n\n\n<h2 id=\"h-2-la-route-des-marchands-a-moins-d-une-minute-a-pied\" class=\"wp-block-heading\">2. La Route des Marchands : \u00e0 moins d'une minute \u00e0 pied<\/h2>\n\n\n\n<p class=\"wp-block-paragraph\">Juste de l'autre c\u00f4t\u00e9 de la place, en montant quelques marches depuis la Cath\u00e9drale elle-m\u00eame, vous tomberez sur l'<a href=\"https:\/\/rutadelosmercaderes.com\/fr\/la-route\/\"><strong>\u00e9glise San Nicol\u00e1s de Bari<\/strong><\/a>. Elle est si proche que de nombreux touristes ne se rendent m\u00eame pas compte qu'ils peuvent y entrer. C'est une erreur, car \u00e0 l'int\u00e9rieur vous attend l'un des retables les plus singuliers de toute l'Espagne : un chef-d'\u0153uvre du gothique tardif sculpt\u00e9 dans la pierre \u2014 et non dans le bois, comme c'\u00e9tait l'usage \u2014 avec 464 personnages minutieusement cisel\u00e9s par Sim\u00f3n et Francisco de Colonia, les m\u00eames artistes qui ont con\u00e7u les fl\u00e8ches de la Cath\u00e9drale que vous venez d'admirer.<\/p>\n\n\n\n<p class=\"wp-block-paragraph\">San Nicol\u00e1s de Bari fait partie de la <a href=\"https:\/\/rutadelosmercaderes.com\/fr\/la-route\/\"><strong>Route des Marchands<\/strong><\/a>, un parcours de moins d'un kilom\u00e8tre \u00e0 travers trois \u00e9glises qui racontent l'autre grande histoire de Burgos : celle des marchands qui, gr\u00e2ce au commerce international de la laine avec les Flandres, ont financ\u00e9 un patrimoine artistique rest\u00e9 aujourd'hui largement m\u00e9connu de quiconque ne visite que la Cath\u00e9drale.<\/p>\n\n\n\n<p class=\"wp-block-paragraph\">En remontant la Calle Fern\u00e1n Gonz\u00e1lez, vous atteindrez aussi l'<a href=\"https:\/\/rutadelosmercaderes.com\/fr\/la-route\/eglise-san-gil-abad\/\"><strong>\u00e9glise San Gil Abad<\/strong><\/a>, le grand panth\u00e9on des marchands burgalais, avec ses chapelles fun\u00e9raires et le saisissant Christ des Saintes Gouttes. Et le <a href=\"https:\/\/rutadelosmercaderes.com\/fr\/la-route\/musee-du-retable\/\"><strong>Mus\u00e9e du Retable<\/strong><\/a>, dans l'\u00e9glise San Esteban, avec une collection de retables restaur\u00e9s de diff\u00e9rentes \u00e9poques.<\/p>\n\n\n\n<p class=\"wp-block-paragraph\">Le <a href=\"https:\/\/rutadelosmercaderes.com\/fr\/acheter-billets\/\">billet combin\u00e9 pour les trois \u00e9glises<\/a> co\u00fbte 7 \u20ac, avec des <a href=\"https:\/\/rutadelosmercaderes.com\/fr\/tarifs-et-horaires\/\">horaires continus<\/a> de 11h30 \u00e0 19h00, du lundi au dimanche. Si vous avez d\u00e9j\u00e0 pay\u00e9 votre billet pour la Cath\u00e9drale, c'est la meilleure fa\u00e7on de profiter du reste de votre matin\u00e9e sans vous \u00e9loigner du m\u00eame endroit.<\/p>\n\n\n\n<h2 id=\"h-3-arco-de-santa-maria\" class=\"wp-block-heading\">3. Arco de Santa Mar\u00eda<\/h2>\n\n\n\n<p class=\"wp-block-paragraph\">En descendant depuis la Cath\u00e9drale vers la rivi\u00e8re Arlanz\u00f3n, vous trouverez l'Arco de Santa Mar\u00eda, l'une des portes historiques de l'ancienne enceinte m\u00e9di\u00e9vale. Elle abrite aujourd'hui des expositions temporaires, et sa fa\u00e7ade sculpt\u00e9e \u2014 avec des figures de personnages historiques de Burgos, dont le Cid \u2014 est l'une des vues les plus embl\u00e9matiques de la ville.<\/p>\n\n\n\n<h2 id=\"h-4-promenade-de-l-espolon\" class=\"wp-block-heading\">4. Promenade de l'Espol\u00f3n<\/h2>\n\n\n\n<p class=\"wp-block-paragraph\">Juste apr\u00e8s avoir franchi l'Arco de Santa Mar\u00eda, la promenade de l'Espol\u00f3n vous accueille avec sa rang\u00e9e d'arbres centenaires le long de la rivi\u00e8re. C'est l'endroit id\u00e9al pour faire une pause, prendre un caf\u00e9 en terrasse, ou simplement observer la vie locale avant de poursuivre votre exploration.<\/p>\n\n\n\n<h2 id=\"h-5-musee-de-l-evolution-humaine\" class=\"wp-block-heading\">5. Mus\u00e9e de l'\u00c9volution Humaine<\/h2>\n\n\n\n<p class=\"wp-block-paragraph\">\u00c0 quelques minutes \u00e0 pied du centre historique, le <a href=\"https:\/\/www.museoevolucionhumana.com\/\" target=\"_blank\" rel=\"noreferrer noopener\">Mus\u00e9e de l'\u00c9volution Humaine<\/a> (MEH) expose des d\u00e9couvertes originales des sites arch\u00e9ologiques d'Atapuerca, \u00e0 seulement 15 km de la ville et \u00e9galement class\u00e9s au patrimoine mondial de l'UNESCO. C'est l'alternative parfaite si vous cherchez quelque chose de totalement diff\u00e9rent de l'art sacr\u00e9 qui domine le reste du parcours : ici, c'est la pr\u00e9histoire qui est \u00e0 l'honneur.<\/p>\n\n\n\n<h2 id=\"h-6-monastere-de-las-huelgas\" class=\"wp-block-heading\">6. Monast\u00e8re de Las Huelgas<\/h2>\n\n\n\n<p class=\"wp-block-paragraph\">Un peu plus \u00e9loign\u00e9 du centre, mais le d\u00e9placement en vaut la peine : le <a href=\"https:\/\/www.patrimonionacional.es\/real-sitio\/monasterio-de-las-huelgas\" target=\"_blank\" rel=\"noreferrer noopener\">Monast\u00e8re de Las Huelgas<\/a>, fond\u00e9 par Alphonse VIII et Ali\u00e9nor d'Angleterre \u00e0 la fin du XIIe si\u00e8cle, a servi pendant des si\u00e8cles de panth\u00e9on \u00e0 la royaut\u00e9 castillane. Son clo\u00eetre roman et son patrimoine textile m\u00e9di\u00e9val en font une visite de r\u00e9f\u00e9rence pour qui veut approfondir l'histoire m\u00e9di\u00e9vale de Castille.<\/p>\n\n\n\n<h2 id=\"h-7-chartreuse-de-miraflores\" class=\"wp-block-heading\">7. Chartreuse de Miraflores<\/h2>\n\n\n\n<p class=\"wp-block-paragraph\">Ancien palais royal de plaisance devenu monast\u00e8re chartreux, la Chartreuse de Miraflores abrite le mausol\u00e9e des Rois Catholiques et de leurs parents, Jean II de Castille et Isabelle du Portugal. Elle est encore habit\u00e9e par une communaut\u00e9 de moines, ce qui lui conf\u00e8re un caract\u00e8re recueilli diff\u00e9rent de toute autre visite en ville.<\/p>\n\n\n\n<h2 id=\"h-8-chateau-de-burgos\" class=\"wp-block-heading\">8. Ch\u00e2teau de Burgos<\/h2>\n\n\n\n<p class=\"wp-block-paragraph\">Pour profiter des plus belles vues panoramiques sur la ville, montez jusqu'\u00e0 la colline o\u00f9 se dresse le Ch\u00e2teau de Burgos. Le belv\u00e9d\u00e8re offre une perspective d'ensemble qui aide \u00e0 comprendre l'agencement de tous les monuments que vous venez de visiter : la Cath\u00e9drale, la Route des Marchands et le reste du centre historique, tous concentr\u00e9s dans un rayon \u00e9tonnamment restreint.<\/p>\n\n\n\n<h2 id=\"h-l-itineraire-qui-vous-fait-gagner-du-temps\" class=\"wp-block-heading\">L'itin\u00e9raire qui vous fait gagner du temps<\/h2>\n\n\n\n<p class=\"wp-block-paragraph\">Si vous ne disposez que d'une journ\u00e9e \u00e0 Burgos, voici l'ordre le plus efficace, en profitant du fait que presque tout est accessible \u00e0 pied :<\/p>\n\n\n\n<ol class=\"wp-block-list\">\n<li><strong>T\u00f4t le matin :<\/strong> Cath\u00e9drale de Burgos.<\/li>\n\n\n\n<li><strong>Juste apr\u00e8s :<\/strong> Route des Marchands (San Nicol\u00e1s de Bari, San Gil Abad et Mus\u00e9e du Retable) \u2014 c'est litt\u00e9ralement \u00e0 c\u00f4t\u00e9.<\/li>\n\n\n\n<li><strong>Avant le d\u00e9jeuner :<\/strong> Arco de Santa Mar\u00eda et promenade de l'Espol\u00f3n.<\/li>\n\n\n\n<li><strong>Apr\u00e8s-midi :<\/strong> Mus\u00e9e de l'\u00c9volution Humaine.<\/li>\n\n\n\n<li><strong>Coucher du soleil :<\/strong> Ch\u00e2teau de Burgos, pour contempler d'en haut tout ce que vous avez parcouru dans la journ\u00e9e.<\/li>\n<\/ol>\n\n\n\n<p class=\"wp-block-paragraph\">Et si vous avez une seconde journ\u00e9e, ajoutez le Monast\u00e8re de Las Huelgas et la Chartreuse de Miraflores \u2014 un peu plus \u00e9loign\u00e9s du centre, mais faciles \u00e0 combiner en une seule journ\u00e9e.<\/p>\n\n\n\n<h2 id=\"h-pourquoi-il-vaut-la-peine-de-traverser-la-place\" class=\"wp-block-heading\">Pourquoi il vaut la peine de traverser la place<\/h2>\n\n\n\n<p class=\"wp-block-paragraph\">Il est fr\u00e9quent de sortir de la Cath\u00e9drale de Burgos, de prendre une photo de l'Arco de Santa Mar\u00eda, et de poursuivre son chemin sans r\u00e9aliser qu'\u00e0 quelques pas seulement se cache l'un des ensembles artistiques les plus singuliers de la ville. La <a href=\"https:\/\/rutadelosmercaderes.com\/fr\/la-route\/\">Route des Marchands<\/a> ne concurrence pas la Cath\u00e9drale : elle la compl\u00e8te. Elle raconte l'autre moiti\u00e9 de l'histoire de Burgos, celle des marchands qui ont fait de cette ville l'une des plus riches de la Castille m\u00e9di\u00e9vale, et ce en un temps et \u00e0 un prix qui \u00e9chappent \u00e0 de nombreux touristes simplement parce qu'ils ignorent qu'elle est l\u00e0.<\/p>\n\n\n\n<p class=\"wp-block-paragraph\">La prochaine fois que vous visiterez la Cath\u00e9drale, ne vous dirigez pas vers l'Arco de Santa Mar\u00eda sans avoir d'abord gravi ces quelques marches vers San Nicol\u00e1s de Bari. Cela en vaut la peine.<\/p>\n","protected":false},"excerpt":{"rendered":"<p>Si vous cherchez que voir \u00e0 Burgos, il y a de fortes chances que vous connaissiez d\u00e9j\u00e0 la premi\u00e8re r\u00e9ponse : la Cath\u00e9drale. C&rsquo;est normal, c&rsquo;est justifi\u00e9, et c&rsquo;est le point de d\u00e9part incontournable de toute visite de la ville. Mais la plupart des guides s&rsquo;arr\u00eatent l\u00e0, ou pr\u00e9sentent le reste des monuments de la [&hellip;]<\/p>\n","protected":false},"author":1,"featured_media":637,"comment_status":"open","ping_status":"open","sticky":false,"template":"","format":"standard","meta":{"footnotes":""},"categories":[8],"tags":[],"class_list":["post-635","post","type-post","status-publish","format-standard","has-post-thumbnail","hentry","category-non-classe"],"yoast_head":"<!-- This site is optimized with the Yoast SEO Premium plugin v27.5 (Yoast SEO v28.3) - https:\/\/yoast.com\/product\/yoast-seo-premium-wordpress\/ -->\n<title>Que voir \u00e0 Burgos : guide complet des monuments incontournables<\/title>\n<meta name=\"description\" content=\"Que voir \u00e0 Burgos : le guide complet, de la Cath\u00e9drale aux tr\u00e9sors \u00e0 deux pas que la plupart des touristes ne d\u00e9couvrent jamais.\" \/>\n<meta name=\"robots\" content=\"index, follow, max-snippet:-1, max-image-preview:large, max-video-preview:-1\" \/>\n<link rel=\"canonical\" href=\"https:\/\/rutadelosmercaderes.com\/fr\/2026\/08\/19\/que-voir-a-burgos-guide-complet\/\" \/>\n<meta property=\"og:locale\" content=\"fr_FR\" \/>\n<meta property=\"og:type\" content=\"article\" \/>\n<meta property=\"og:title\" content=\"Que voir \u00e0 Burgos : le guide qui commence l\u00e0 o\u00f9 les autres s&#039;arr\u00eatent\" \/>\n<meta property=\"og:description\" content=\"Que voir \u00e0 Burgos : le guide complet, de la Cath\u00e9drale aux tr\u00e9sors \u00e0 deux pas que la plupart des touristes ne d\u00e9couvrent jamais.\" \/>\n<meta property=\"og:url\" content=\"https:\/\/rutadelosmercaderes.com\/fr\/2026\/08\/19\/que-voir-a-burgos-guide-complet\/\" \/>\n<meta property=\"og:site_name\" content=\"Ars Mercatorum\" \/>\n<meta property=\"article:published_time\" content=\"2026-08-19T11:13:17+00:00\" \/>\n<meta property=\"article:modified_time\" content=\"2026-08-19T11:13:18+00:00\" \/>\n<meta property=\"og:image\" content=\"https:\/\/rutadelosmercaderes.com\/wp-content\/uploads\/2026\/08\/Que-hacer-en-Burgos-Burgos.png\" \/>\n\t<meta property=\"og:image:width\" content=\"1050\" \/>\n\t<meta property=\"og:image:height\" content=\"630\" \/>\n\t<meta property=\"og:image:type\" content=\"image\/png\" \/>\n<meta name=\"author\" content=\"Winecta\" \/>\n<meta name=\"twitter:card\" content=\"summary_large_image\" \/>\n<meta name=\"twitter:label1\" content=\"\u00c9crit par\" \/>\n\t<meta name=\"twitter:data1\" content=\"Winecta\" \/>\n\t<meta name=\"twitter:label2\" content=\"Dur\u00e9e de lecture estim\u00e9e\" \/>\n\t<meta name=\"twitter:data2\" content=\"6 minutes\" \/>\n<script type=\"application\/ld+json\" class=\"yoast-schema-graph\">{\"@context\":\"https:\\\/\\\/schema.org\",\"@graph\":[{\"@type\":\"Article\",\"@id\":\"https:\\\/\\\/rutadelosmercaderes.com\\\/fr\\\/2026\\\/08\\\/19\\\/que-voir-a-burgos-guide-complet\\\/#article\",\"isPartOf\":{\"@id\":\"https:\\\/\\\/rutadelosmercaderes.com\\\/fr\\\/2026\\\/08\\\/19\\\/que-voir-a-burgos-guide-complet\\\/\"},\"author\":{\"name\":\"Winecta\",\"@id\":\"https:\\\/\\\/rutadelosmercaderes.com\\\/fr\\\/#\\\/schema\\\/person\\\/3bf38671ad6a6fc11593ca40c21445db\"},\"headline\":\"Que voir \u00e0 Burgos : le guide qui commence l\u00e0 o\u00f9 les autres s&rsquo;arr\u00eatent\",\"datePublished\":\"2026-08-19T11:13:17+00:00\",\"dateModified\":\"2026-08-19T11:13:18+00:00\",\"mainEntityOfPage\":{\"@id\":\"https:\\\/\\\/rutadelosmercaderes.com\\\/fr\\\/2026\\\/08\\\/19\\\/que-voir-a-burgos-guide-complet\\\/\"},\"wordCount\":1340,\"commentCount\":0,\"image\":{\"@id\":\"https:\\\/\\\/rutadelosmercaderes.com\\\/fr\\\/2026\\\/08\\\/19\\\/que-voir-a-burgos-guide-complet\\\/#primaryimage\"},\"thumbnailUrl\":\"https:\\\/\\\/rutadelosmercaderes.com\\\/wp-content\\\/uploads\\\/2026\\\/08\\\/Que-hacer-en-Burgos-Burgos.png\",\"inLanguage\":\"fr-FR\",\"potentialAction\":[{\"@type\":\"CommentAction\",\"name\":\"Comment\",\"target\":[\"https:\\\/\\\/rutadelosmercaderes.com\\\/fr\\\/2026\\\/08\\\/19\\\/que-voir-a-burgos-guide-complet\\\/#respond\"]}]},{\"@type\":\"WebPage\",\"@id\":\"https:\\\/\\\/rutadelosmercaderes.com\\\/fr\\\/2026\\\/08\\\/19\\\/que-voir-a-burgos-guide-complet\\\/\",\"url\":\"https:\\\/\\\/rutadelosmercaderes.com\\\/fr\\\/2026\\\/08\\\/19\\\/que-voir-a-burgos-guide-complet\\\/\",\"name\":\"Que voir \u00e0 Burgos : guide complet des monuments incontournables\",\"isPartOf\":{\"@id\":\"https:\\\/\\\/rutadelosmercaderes.com\\\/fr\\\/#website\"},\"primaryImageOfPage\":{\"@id\":\"https:\\\/\\\/rutadelosmercaderes.com\\\/fr\\\/2026\\\/08\\\/19\\\/que-voir-a-burgos-guide-complet\\\/#primaryimage\"},\"image\":{\"@id\":\"https:\\\/\\\/rutadelosmercaderes.com\\\/fr\\\/2026\\\/08\\\/19\\\/que-voir-a-burgos-guide-complet\\\/#primaryimage\"},\"thumbnailUrl\":\"https:\\\/\\\/rutadelosmercaderes.com\\\/wp-content\\\/uploads\\\/2026\\\/08\\\/Que-hacer-en-Burgos-Burgos.png\",\"datePublished\":\"2026-08-19T11:13:17+00:00\",\"dateModified\":\"2026-08-19T11:13:18+00:00\",\"author\":{\"@id\":\"https:\\\/\\\/rutadelosmercaderes.com\\\/fr\\\/#\\\/schema\\\/person\\\/3bf38671ad6a6fc11593ca40c21445db\"},\"description\":\"Que voir \u00e0 Burgos : le guide complet, de la Cath\u00e9drale aux tr\u00e9sors \u00e0 deux pas que la plupart des touristes ne d\u00e9couvrent jamais.\",\"breadcrumb\":{\"@id\":\"https:\\\/\\\/rutadelosmercaderes.com\\\/fr\\\/2026\\\/08\\\/19\\\/que-voir-a-burgos-guide-complet\\\/#breadcrumb\"},\"inLanguage\":\"fr-FR\",\"potentialAction\":[{\"@type\":\"ReadAction\",\"target\":[\"https:\\\/\\\/rutadelosmercaderes.com\\\/fr\\\/2026\\\/08\\\/19\\\/que-voir-a-burgos-guide-complet\\\/\"]}]},{\"@type\":\"ImageObject\",\"inLanguage\":\"fr-FR\",\"@id\":\"https:\\\/\\\/rutadelosmercaderes.com\\\/fr\\\/2026\\\/08\\\/19\\\/que-voir-a-burgos-guide-complet\\\/#primaryimage\",\"url\":\"https:\\\/\\\/rutadelosmercaderes.com\\\/wp-content\\\/uploads\\\/2026\\\/08\\\/Que-hacer-en-Burgos-Burgos.png\",\"contentUrl\":\"https:\\\/\\\/rutadelosmercaderes.com\\\/wp-content\\\/uploads\\\/2026\\\/08\\\/Que-hacer-en-Burgos-Burgos.png\",\"width\":1050,\"height\":630},{\"@type\":\"BreadcrumbList\",\"@id\":\"https:\\\/\\\/rutadelosmercaderes.com\\\/fr\\\/2026\\\/08\\\/19\\\/que-voir-a-burgos-guide-complet\\\/#breadcrumb\",\"itemListElement\":[{\"@type\":\"ListItem\",\"position\":1,\"name\":\"Portada\",\"item\":\"https:\\\/\\\/rutadelosmercaderes.com\\\/fr\\\/\"},{\"@type\":\"ListItem\",\"position\":2,\"name\":\"Que voir \u00e0 Burgos : le guide qui commence l\u00e0 o\u00f9 les autres s&#8217;arr\u00eatent\"}]},{\"@type\":\"WebSite\",\"@id\":\"https:\\\/\\\/rutadelosmercaderes.com\\\/fr\\\/#website\",\"url\":\"https:\\\/\\\/rutadelosmercaderes.com\\\/fr\\\/\",\"name\":\"Ars Mercatorum\",\"description\":\"\",\"potentialAction\":[{\"@type\":\"SearchAction\",\"target\":{\"@type\":\"EntryPoint\",\"urlTemplate\":\"https:\\\/\\\/rutadelosmercaderes.com\\\/fr\\\/?s={search_term_string}\"},\"query-input\":{\"@type\":\"PropertyValueSpecification\",\"valueRequired\":true,\"valueName\":\"search_term_string\"}}],\"inLanguage\":\"fr-FR\"},{\"@type\":\"Person\",\"@id\":\"https:\\\/\\\/rutadelosmercaderes.com\\\/fr\\\/#\\\/schema\\\/person\\\/3bf38671ad6a6fc11593ca40c21445db\",\"name\":\"Winecta\",\"image\":{\"@type\":\"ImageObject\",\"inLanguage\":\"fr-FR\",\"@id\":\"https:\\\/\\\/secure.gravatar.com\\\/avatar\\\/395ee31e9b0ae4a56c9c9f5e95b814e5bc2392523a8975594c4a2cf0df8a7d6a?s=96&d=mm&r=g\",\"url\":\"https:\\\/\\\/secure.gravatar.com\\\/avatar\\\/395ee31e9b0ae4a56c9c9f5e95b814e5bc2392523a8975594c4a2cf0df8a7d6a?s=96&d=mm&r=g\",\"contentUrl\":\"https:\\\/\\\/secure.gravatar.com\\\/avatar\\\/395ee31e9b0ae4a56c9c9f5e95b814e5bc2392523a8975594c4a2cf0df8a7d6a?s=96&d=mm&r=g\",\"caption\":\"Winecta\"},\"sameAs\":[\"https:\\\/\\\/rutadelosmercaderes.com\"],\"url\":\"https:\\\/\\\/rutadelosmercaderes.com\\\/fr\\\/author\\\/winecta\\\/\"}]}<\/script>\n<!-- \/ Yoast SEO Premium plugin. -->","yoast_head_json":{"title":"Que voir \u00e0 Burgos : guide complet des monuments incontournables","description":"Que voir \u00e0 Burgos : le guide complet, de la Cath\u00e9drale aux tr\u00e9sors \u00e0 deux pas que la plupart des touristes ne d\u00e9couvrent jamais.","robots":{"index":"index","follow":"follow","max-snippet":"max-snippet:-1","max-image-preview":"max-image-preview:large","max-video-preview":"max-video-preview:-1"},"canonical":"https:\/\/rutadelosmercaderes.com\/fr\/2026\/08\/19\/que-voir-a-burgos-guide-complet\/","og_locale":"fr_FR","og_type":"article","og_title":"Que voir \u00e0 Burgos : le guide qui commence l\u00e0 o\u00f9 les autres s'arr\u00eatent","og_description":"Que voir \u00e0 Burgos : le guide complet, de la Cath\u00e9drale aux tr\u00e9sors \u00e0 deux pas que la plupart des touristes ne d\u00e9couvrent jamais.","og_url":"https:\/\/rutadelosmercaderes.com\/fr\/2026\/08\/19\/que-voir-a-burgos-guide-complet\/","og_site_name":"Ars Mercatorum","article_published_time":"2026-08-19T11:13:17+00:00","article_modified_time":"2026-08-19T11:13:18+00:00","og_image":[{"width":1050,"height":630,"url":"https:\/\/rutadelosmercaderes.com\/wp-content\/uploads\/2026\/08\/Que-hacer-en-Burgos-Burgos.png","type":"image\/png"}],"author":"Winecta","twitter_card":"summary_large_image","twitter_misc":{"\u00c9crit par":"Winecta","Dur\u00e9e de lecture estim\u00e9e":"6 minutes"},"schema":{"@context":"https:\/\/schema.org","@graph":[{"@type":"Article","@id":"https:\/\/rutadelosmercaderes.com\/fr\/2026\/08\/19\/que-voir-a-burgos-guide-complet\/#article","isPartOf":{"@id":"https:\/\/rutadelosmercaderes.com\/fr\/2026\/08\/19\/que-voir-a-burgos-guide-complet\/"},"author":{"name":"Winecta","@id":"https:\/\/rutadelosmercaderes.com\/fr\/#\/schema\/person\/3bf38671ad6a6fc11593ca40c21445db"},"headline":"Que voir \u00e0 Burgos : le guide qui commence l\u00e0 o\u00f9 les autres s&rsquo;arr\u00eatent","datePublished":"2026-08-19T11:13:17+00:00","dateModified":"2026-08-19T11:13:18+00:00","mainEntityOfPage":{"@id":"https:\/\/rutadelosmercaderes.com\/fr\/2026\/08\/19\/que-voir-a-burgos-guide-complet\/"},"wordCount":1340,"commentCount":0,"image":{"@id":"https:\/\/rutadelosmercaderes.com\/fr\/2026\/08\/19\/que-voir-a-burgos-guide-complet\/#primaryimage"},"thumbnailUrl":"https:\/\/rutadelosmercaderes.com\/wp-content\/uploads\/2026\/08\/Que-hacer-en-Burgos-Burgos.png","inLanguage":"fr-FR","potentialAction":[{"@type":"CommentAction","name":"Comment","target":["https:\/\/rutadelosmercaderes.com\/fr\/2026\/08\/19\/que-voir-a-burgos-guide-complet\/#respond"]}]},{"@type":"WebPage","@id":"https:\/\/rutadelosmercaderes.com\/fr\/2026\/08\/19\/que-voir-a-burgos-guide-complet\/","url":"https:\/\/rutadelosmercaderes.com\/fr\/2026\/08\/19\/que-voir-a-burgos-guide-complet\/","name":"Que voir \u00e0 Burgos : guide complet des monuments incontournables","isPartOf":{"@id":"https:\/\/rutadelosmercaderes.com\/fr\/#website"},"primaryImageOfPage":{"@id":"https:\/\/rutadelosmercaderes.com\/fr\/2026\/08\/19\/que-voir-a-burgos-guide-complet\/#primaryimage"},"image":{"@id":"https:\/\/rutadelosmercaderes.com\/fr\/2026\/08\/19\/que-voir-a-burgos-guide-complet\/#primaryimage"},"thumbnailUrl":"https:\/\/rutadelosmercaderes.com\/wp-content\/uploads\/2026\/08\/Que-hacer-en-Burgos-Burgos.png","datePublished":"2026-08-19T11:13:17+00:00","dateModified":"2026-08-19T11:13:18+00:00","author":{"@id":"https:\/\/rutadelosmercaderes.com\/fr\/#\/schema\/person\/3bf38671ad6a6fc11593ca40c21445db"},"description":"Que voir \u00e0 Burgos : le guide complet, de la Cath\u00e9drale aux tr\u00e9sors \u00e0 deux pas que la plupart des touristes ne d\u00e9couvrent jamais.","breadcrumb":{"@id":"https:\/\/rutadelosmercaderes.com\/fr\/2026\/08\/19\/que-voir-a-burgos-guide-complet\/#breadcrumb"},"inLanguage":"fr-FR","potentialAction":[{"@type":"ReadAction","target":["https:\/\/rutadelosmercaderes.com\/fr\/2026\/08\/19\/que-voir-a-burgos-guide-complet\/"]}]},{"@type":"ImageObject","inLanguage":"fr-FR","@id":"https:\/\/rutadelosmercaderes.com\/fr\/2026\/08\/19\/que-voir-a-burgos-guide-complet\/#primaryimage","url":"https:\/\/rutadelosmercaderes.com\/wp-content\/uploads\/2026\/08\/Que-hacer-en-Burgos-Burgos.png","contentUrl":"https:\/\/rutadelosmercaderes.com\/wp-content\/uploads\/2026\/08\/Que-hacer-en-Burgos-Burgos.png","width":1050,"height":630},{"@type":"BreadcrumbList","@id":"https:\/\/rutadelosmercaderes.com\/fr\/2026\/08\/19\/que-voir-a-burgos-guide-complet\/#breadcrumb","itemListElement":[{"@type":"ListItem","position":1,"name":"Portada","item":"https:\/\/rutadelosmercaderes.com\/fr\/"},{"@type":"ListItem","position":2,"name":"Que voir \u00e0 Burgos : le guide qui commence l\u00e0 o\u00f9 les autres s&#8217;arr\u00eatent"}]},{"@type":"WebSite","@id":"https:\/\/rutadelosmercaderes.com\/fr\/#website","url":"https:\/\/rutadelosmercaderes.com\/fr\/","name":"Ars Mercatorum","description":"","potentialAction":[{"@type":"SearchAction","target":{"@type":"EntryPoint","urlTemplate":"https:\/\/rutadelosmercaderes.com\/fr\/?s={search_term_string}"},"query-input":{"@type":"PropertyValueSpecification","valueRequired":true,"valueName":"search_term_string"}}],"inLanguage":"fr-FR"},{"@type":"Person","@id":"https:\/\/rutadelosmercaderes.com\/fr\/#\/schema\/person\/3bf38671ad6a6fc11593ca40c21445db","name":"Winecta","image":{"@type":"ImageObject","inLanguage":"fr-FR","@id":"https:\/\/secure.gravatar.com\/avatar\/395ee31e9b0ae4a56c9c9f5e95b814e5bc2392523a8975594c4a2cf0df8a7d6a?s=96&d=mm&r=g","url":"https:\/\/secure.gravatar.com\/avatar\/395ee31e9b0ae4a56c9c9f5e95b814e5bc2392523a8975594c4a2cf0df8a7d6a?s=96&d=mm&r=g","contentUrl":"https:\/\/secure.gravatar.com\/avatar\/395ee31e9b0ae4a56c9c9f5e95b814e5bc2392523a8975594c4a2cf0df8a7d6a?s=96&d=mm&r=g","caption":"Winecta"},"sameAs":["https:\/\/rutadelosmercaderes.com"],"url":"https:\/\/rutadelosmercaderes.com\/fr\/author\/winecta\/"}]}},"_links":{"self":[{"href":"https:\/\/rutadelosmercaderes.com\/fr\/wp-json\/wp\/v2\/posts\/635","targetHints":{"allow":["GET"]}}],"collection":[{"href":"https:\/\/rutadelosmercaderes.com\/fr\/wp-json\/wp\/v2\/posts"}],"about":[{"href":"https:\/\/rutadelosmercaderes.com\/fr\/wp-json\/wp\/v2\/types\/post"}],"author":[{"embeddable":true,"href":"https:\/\/rutadelosmercaderes.com\/fr\/wp-json\/wp\/v2\/users\/1"}],"replies":[{"embeddable":true,"href":"https:\/\/rutadelosmercaderes.com\/fr\/wp-json\/wp\/v2\/comments?post=635"}],"version-history":[{"count":1,"href":"https:\/\/rutadelosmercaderes.com\/fr\/wp-json\/wp\/v2\/posts\/635\/revisions"}],"predecessor-version":[{"id":636,"href":"https:\/\/rutadelosmercaderes.com\/fr\/wp-json\/wp\/v2\/posts\/635\/revisions\/636"}],"wp:featuredmedia":[{"embeddable":true,"href":"https:\/\/rutadelosmercaderes.com\/fr\/wp-json\/wp\/v2\/media\/637"}],"wp:attachment":[{"href":"https:\/\/rutadelosmercaderes.com\/fr\/wp-json\/wp\/v2\/media?parent=635"}],"wp:term":[{"taxonomy":"category","embeddable":true,"href":"https:\/\/rutadelosmercaderes.com\/fr\/wp-json\/wp\/v2\/categories?post=635"},{"taxonomy":"post_tag","embeddable":true,"href":"https:\/\/rutadelosmercaderes.com\/fr\/wp-json\/wp\/v2\/tags?post=635"}],"curies":[{"name":"wp","href":"https:\/\/api.w.org\/{rel}","templated":true}]}}