{"id":645,"date":"2026-09-02T09:39:25","date_gmt":"2026-09-02T07:39:25","guid":{"rendered":"https:\/\/rutadelosmercaderes.com\/?p=645"},"modified":"2026-09-02T09:49:33","modified_gmt":"2026-09-02T07:49:33","slug":"que-voir-pres-cathedrale-burgos","status":"publish","type":"post","link":"https:\/\/rutadelosmercaderes.com\/fr\/2026\/09\/02\/que-voir-pres-cathedrale-burgos\/","title":{"rendered":"Vous \u00eates \u00e0 la cath\u00e9drale de Burgos : voici ce qui se trouve \u00e0 5 minutes \u00e0 pied (que 90 % des touristes ratent)"},"content":{"rendered":"\n<script type=\"application\/ld+json\">\n{\n  \"@context\": \"https:\/\/schema.org\",\n  \"@type\": \"FAQPage\",\n  \"mainEntity\": [\n    {\n      \"@type\": \"Question\",\n      \"name\": \"Que peut-on visiter pr\u00e8s de la cath\u00e9drale de Burgos en peu de temps ?\",\n      \"acceptedAnswer\": {\n        \"@type\": \"Answer\",\n        \"text\": \"Pr\u00e8s de la cath\u00e9drale de Burgos, dans un rayon de moins de 6 minutes \u00e0 pied, vous pouvez terminer la Route des Marchands en moins d'une heure, m\u00eame lors d'un voyage d'une seule journ\u00e9e \u00e0 Burgos.\"\n      }\n    },\n    {\n      \"@type\": \"Question\",\n      \"name\": \"Combien co\u00fbte le billet combin\u00e9 pour les \u00e9glises de la Route des Marchands ?\",\n      \"acceptedAnswer\": {\n        \"@type\": \"Answer\",\n        \"text\": \"\u00c0 partir de 6 euros pour 2 \u00e9glises et 7 euros pour les 3 \u00e9glises (San Nicol\u00e1s de Bari, San Gil Abad et le Mus\u00e9e du Retable), avec un acc\u00e8s inclus \u00e0 l'application-guide officielle de l'itin\u00e9raire.\"\n      }\n    },\n    {\n      \"@type\": \"Question\",\n      \"name\": \"Faut-il r\u00e9server \u00e0 l'avance la Route des Marchands \u00e0 Burgos ?\",\n      \"acceptedAnswer\": {\n        \"@type\": \"Answer\",\n        \"text\": \"Ce n'est pas obligatoire, mais acheter votre billet en ligne \u00e0 l'avance permet d'\u00e9viter les files d'attente, notamment entre juin et octobre, les mois de plus forte affluence.\"\n      }\n    },\n    {\n      \"@type\": \"Question\",\n      \"name\": \"Quelle est la diff\u00e9rence entre la cath\u00e9drale de Burgos et les \u00e9glises de la Route des Marchands ?\",\n      \"acceptedAnswer\": {\n        \"@type\": \"Answer\",\n        \"text\": \"La cath\u00e9drale est un temple \u00e9piscopal construit sous le m\u00e9c\u00e9nat de l'\u00c9glise et de la noblesse. Les \u00e9glises de la Route des Marchands ont \u00e9t\u00e9 financ\u00e9es par des familles de commer\u00e7ants burgalais, ce qui en fait un t\u00e9moignage unique de la fa\u00e7on dont la bourgeoisie marchande a \u00e9galement fa\u00e7onn\u00e9 l'art religieux de la ville.\"\n      }\n    }\n  ]\n}\n<\/script>\n\n<script type=\"application\/ld+json\">\n{\n  \"@context\": \"https:\/\/schema.org\",\n  \"@type\": \"BreadcrumbList\",\n  \"itemListElement\": [\n    {\n      \"@type\": \"ListItem\",\n      \"position\": 1,\n      \"name\": \"Accueil\",\n      \"item\": \"https:\/\/rutadelosmercaderes.com\/fr\/\"\n    },\n    {\n      \"@type\": \"ListItem\",\n      \"position\": 2,\n      \"name\": \"Actualit\u00e9s\",\n      \"item\": \"https:\/\/rutadelosmercaderes.com\/fr\/actualites\/\"\n    },\n    {\n      \"@type\": \"ListItem\",\n      \"position\": 3,\n      \"name\": \"Que voir pr\u00e8s de la cath\u00e9drale de Burgos\",\n      \"item\": \"https:\/\/rutadelosmercaderes.com\/fr\/que-voir-pres-cathedrale-burgos\/\"\n    }\n  ]\n}\n<\/script>\n\n\n\n<div style=\"font-family: Georgia, 'Times New Roman', serif; color:#2b2420; line-height:1.7; max-width:800px; margin:0 auto;\">\n\n<p style=\"background:#faf6ef; border-left:4px solid #c9a227; padding:16px 20px; font-size:1.05em; margin:0 0 28px 0;\">\n<strong>R\u00e9ponse rapide :<\/strong> Tout <strong>pr\u00e8s de la cath\u00e9drale de Burgos<\/strong>, \u00e0 seulement 5 minutes \u00e0 pied par la rue Fern\u00e1n Gonz\u00e1lez, se trouvent trois monuments que presque personne ne visite : l'\u00e9glise de San Nicol\u00e1s de Bari, l'\u00e9glise de San Gil Abad et le Mus\u00e9e du Retable (l'ancienne \u00e9glise de San Esteban). Ensemble, ils forment la <strong>Route des Marchands<\/strong>, l'itin\u00e9raire qui parcourt l'ancien \"mille d'or\" o\u00f9 vivaient les marchands qui ont fait de Burgos l'une des capitales \u00e9conomiques de l'Europe aux XVe et XVIe si\u00e8cles. Les trois se visitent avec un billet combin\u00e9 unique \u00e0 partir de 6&nbsp;&euro;, et compl\u00e8tent la visite de la cath\u00e9drale en moins d'une heure.<\/p>\n\n<h2 id=\"pourquoi-touristes-ratent\">Pourquoi 90&nbsp;% des visiteurs de la cath\u00e9drale passent \u00e0 c\u00f4t\u00e9<\/h2>\n\n<p>La <a href=\"https:\/\/whc.unesco.org\/en\/list\/316\/\" target=\"_blank\" rel=\"noopener\">cath\u00e9drale de Burgos, Patrimoine mondial de l'UNESCO depuis 1984<\/a>, concentre logiquement presque toute l'attention touristique du centre historique : c'est l'un des chefs-d'&oelig;uvre du gothique europ\u00e9en. Mais cette m\u00eame notori\u00e9t\u00e9 fait que, juste pr\u00e8s de la cath\u00e9drale de Burgos, d'autres \u00e9glises d'un niveau artistique presque comparable passent compl\u00e8tement inaper\u00e7ues.<\/p>\n\n<p>Le cur\u00e9 de San Nicol\u00e1s et San Gil le r\u00e9sumait ainsi lors de la pr\u00e9sentation du projet Ars Mercatorum : demandez \u00e0 cent visiteurs sortant de la cath\u00e9drale s'ils connaissent la collection de tapisseries flamandes de l'\u00e9glise juste \u00e0 c\u00f4t\u00e9, et la grande majorit\u00e9 r\u00e9pondra non. Ce n'est pas un probl\u00e8me d'int\u00e9r\u00eat, mais de visibilit\u00e9 : personne ne leur dit qu'elle se trouve juste l\u00e0.<\/p>\n\n<h2 id=\"mille-dor-carte\">Le Mille d'Or, pr\u00e8s de la cath\u00e9drale de Burgos<\/h2>\n\n<p>Tout l'itin\u00e9raire tient en moins d'un kilom\u00e8tre, le long de la rue Fern\u00e1n Gonz\u00e1lez, l'ancien \"mille d'or\" de Burgos. Voici ce que vous trouverez pr\u00e8s de la cath\u00e9drale de Burgos, et la distance r\u00e9elle de chaque \u00e9tape :<\/p>\n\n<table style=\"width:100%; border-collapse:collapse; margin:20px 0; font-size:0.95em;\">\n<thead>\n<tr style=\"background:#6b2737; color:#ffffff;\">\n<th style=\"padding:10px 12px; text-align:left;\">Monument<\/th>\n<th style=\"padding:10px 12px; text-align:left;\">Distance depuis la cath\u00e9drale<\/th>\n<th style=\"padding:10px 12px; text-align:left;\">Dur\u00e9e de la visite<\/th>\n<th style=\"padding:10px 12px; text-align:left;\">Billet individuel<\/th>\n<\/tr>\n<\/thead>\n<tbody>\n<tr style=\"background:#f9f9f9;\">\n<td style=\"padding:10px 12px;\">\u00c9glise de San Nicol\u00e1s de Bari<\/td>\n<td style=\"padding:10px 12px;\">~2 minutes \u00e0 pied<\/td>\n<td style=\"padding:10px 12px;\">15-20 minutes<\/td>\n<td style=\"padding:10px 12px;\">4&nbsp;&euro;<\/td>\n<\/tr>\n<tr>\n<td style=\"padding:10px 12px;\">Mus\u00e9e du Retable (San Esteban)<\/td>\n<td style=\"padding:10px 12px;\">~5 minutes \u00e0 pied<\/td>\n<td style=\"padding:10px 12px;\">20-25 minutes<\/td>\n<td style=\"padding:10px 12px;\">4&nbsp;&euro;<\/td>\n<\/tr>\n<tr style=\"background:#f9f9f9;\">\n<td style=\"padding:10px 12px;\">\u00c9glise de San Gil Abad<\/td>\n<td style=\"padding:10px 12px;\">~6 minutes \u00e0 pied<\/td>\n<td style=\"padding:10px 12px;\">15-20 minutes<\/td>\n<td style=\"padding:10px 12px;\">4&nbsp;&euro;<\/td>\n<\/tr>\n<tr>\n<td style=\"padding:10px 12px;\">Escalier Dor\u00e9, Casa del Cubo, Palais de Castilfal\u00e9 et Palais des Quatre Tours<\/td>\n<td style=\"padding:10px 12px;\">Sur le m\u00eame parcours (ext\u00e9rieurs)<\/td>\n<td style=\"padding:10px 12px;\">10 minutes<\/td>\n<td style=\"padding:10px 12px;\">Gratuit (visite ext\u00e9rieure)<\/td>\n<\/tr>\n<\/tbody>\n<\/table>\n\n<p>Au total, en moins d'une heure, vous pouvez parcourir un itin\u00e9raire r\u00e9unissant 2 \u00e9glises, 1 mus\u00e9e et plusieurs \u00e9difices civils des XVe et XVIe si\u00e8cles, sans quitter les abords imm\u00e9diats de la cath\u00e9drale.<\/p>\n\n<h2 id=\"que-voir\">Ce que vous d\u00e9couvrirez \u00e0 chaque \u00e9tape<\/h2>\n\n<h3>\u00c9glise de San Nicol\u00e1s de Bari<\/h3>\n<p>\u00c0 deux pas de la cath\u00e9drale et financ\u00e9e par la famille de marchands Polanco, cette \u00e9glise abrite l'un des retables les plus singuliers du gothique tardif espagnol : une sculpture monumentale en pierre calcaire de Hontoria &mdash; la m\u00eame carri\u00e8re qui a fourni la pierre de la cath\u00e9drale elle-m\u00eame &mdash;, orn\u00e9e de plus de 460 figures sculpt\u00e9es. L'\u00e9glise conserve \u00e9galement une collection de tapisseries flamandes, t\u00e9moignage direct du commerce de la laine qui reliait Burgos \u00e0 la Flandre.<\/p>\n\n<h3>Mus\u00e9e du Retable<\/h3>\n<p>Install\u00e9 dans l'ancienne \u00e9glise de San Esteban, ce mus\u00e9e rassemble un important d\u00e9p\u00f4t de retables restaur\u00e9s de diff\u00e9rentes \u00e9poques, dans un espace pens\u00e9 comme un mus\u00e9e plut\u00f4t que comme une \u00e9glise active. C'est l'\u00e9tape id\u00e9ale pour saisir d'un seul coup d'&oelig;il l'\u00e9volution de l'art religieux burgalais, sans avoir \u00e0 parcourir plusieurs \u00e9glises s\u00e9par\u00e9ment.<\/p>\n\n<h3>\u00c9glise de San Gil Abad<\/h3>\n<p>Connue comme l'\u00e9glise des marchands et des p\u00e8lerins, elle s'int\u00e8gre litt\u00e9ralement dans les remparts m\u00e9di\u00e9vaux de la ville. \u00c0 l'int\u00e9rieur, ses chapelles fun\u00e9raires se distinguent par leur grande richesse artistique, avec des retables et des tombeaux r\u00e9alis\u00e9s par certains des artistes ayant \u00e9galement travaill\u00e9 sur la cath\u00e9drale.<\/p>\n\n<h3>Le patrimoine civil : palais et Escalier Dor\u00e9<\/h3>\n<p>Le parcours se compl\u00e8te avec des \u00e9difices civils qui se visitent gratuitement depuis l'ext\u00e9rieur : l'Escalier Dor\u00e9 de Diego de Silo\u00e9 (situ\u00e9 \u00e0 l'int\u00e9rieur m\u00eame de la cath\u00e9drale, mais con\u00e7u pour relier la vie civile de la rue), le Palais de Castilfal\u00e9 &mdash; construit pour le marchand Nicol\u00e1s de Gauna &mdash;, la Casa del Cubo et le Palais des Quatre Tours, ancienne r\u00e9sidence de la famille Cartagena. Ensemble, ces b\u00e2timents illustrent comment la richesse g\u00e9n\u00e9r\u00e9e par les familles marchandes de Burgos s'est directement traduite en architecture, fa\u00e7onnant encore aujourd'hui le centre historique et t\u00e9moignant d'une prosp\u00e9rit\u00e9 b\u00e2tie sur la laine, le commerce international et les routes de p\u00e8lerinage qui traversaient autrefois la ville.<\/p>\n\n<h2 id=\"prix-billets\">Combien \u00e7a co\u00fbte et comment acheter les billets<\/h2>\n\n<p>Chaque \u00e9glise ou mus\u00e9e peut se visiter s\u00e9par\u00e9ment pour 4&nbsp;&euro;, mais l'option la plus pratique &mdash; et la plus \u00e9conomique &mdash; reste le <strong>billet combin\u00e9<\/strong>, qui inclut \u00e9galement l'acc\u00e8s aux contenus multim\u00e9dias de l'itin\u00e9raire via l'application officielle gratuite :<\/p>\n\n<ul style=\"padding-left:20px;\">\n<li><strong>2 \u00e9glises :<\/strong> 6&nbsp;&euro;<\/li>\n<li><strong>3 \u00e9glises (San Nicol\u00e1s + San Gil + Mus\u00e9e du Retable) :<\/strong> 7&nbsp;&euro;<\/li>\n<\/ul>\n\n<p>Les billets s'ach\u00e8tent en ligne \u00e0 l'avance sur le site officiel, ce qui permet d'\u00e9viter les files d'attente en haute saison. L'application de l'itin\u00e9raire &mdash; disponible sur iOS et Android &mdash; sert de guide visuel complet tout au long de la visite, avec des informations contextuelles \u00e0 chaque \u00e9tape.<\/p>\n\n<h2 id=\"quand-visiter\">Quand visiter<\/h2>\n\n<p>La meilleure p\u00e9riode pour d\u00e9couvrir tranquillement ce qui se trouve pr\u00e8s de la cath\u00e9drale de Burgos va de <strong>juin \u00e0 octobre<\/strong>, lorsque le centre historique conna\u00eet une plus grande affluence et que les horaires d'ouverture des \u00e9glises sont plus \u00e9tendus. En dehors de cette p\u00e9riode, il est conseill\u00e9 de v\u00e9rifier les horaires actualis\u00e9s avant de planifier votre visite, car ils peuvent \u00eatre r\u00e9duits. Si vous pr\u00e9parez un voyage \u00e0 Burgos dans les prochains mois, c'est le moment d'ajouter cet itin\u00e9raire \u00e0 votre programme, avant la fin de la haute saison.<\/p>\n\n<h2 id=\"faq\">Questions fr\u00e9quentes<\/h2>\n\n<h3>Que peut-on visiter pr\u00e8s de la cath\u00e9drale de Burgos en peu de temps ?<\/h3>\n<p>Oui. Comme tout se trouve dans un rayon de moins de 6 minutes \u00e0 pied, il est tout \u00e0 fait possible de visiter la cath\u00e9drale le matin puis de terminer la Route des Marchands, juste pr\u00e8s de la cath\u00e9drale de Burgos, en moins d'une heure suppl\u00e9mentaire, m\u00eame lors d'un voyage d'une seule journ\u00e9e \u00e0 Burgos.<\/p>\n\n<h3>Combien co\u00fbte le billet combin\u00e9 pour les \u00e9glises de la Route des Marchands ?<\/h3>\n<p>\u00c0 partir de 6&nbsp;euros pour 2 \u00e9glises et 7&nbsp;euros pour les 3 \u00e9glises (San Nicol\u00e1s de Bari, San Gil Abad et le Mus\u00e9e du Retable), avec un acc\u00e8s inclus \u00e0 l'application-guide officielle de l'itin\u00e9raire.<\/p>\n\n<h3>Faut-il r\u00e9server \u00e0 l'avance ?<\/h3>\n<p>Ce n'est pas obligatoire, mais acheter votre billet en ligne \u00e0 l'avance permet d'\u00e9viter les files d'attente, notamment entre juin et octobre, les mois de plus forte affluence.<\/p>\n\n<h3>Quelle est la diff\u00e9rence entre la cath\u00e9drale et ces \u00e9glises de la Route des Marchands ?<\/h3>\n<p>La cath\u00e9drale est un temple \u00e9piscopal de grande envergure, construit sous le m\u00e9c\u00e9nat de l'\u00c9glise et de la noblesse. Les \u00e9glises de la Route des Marchands, en revanche, ont \u00e9t\u00e9 financ\u00e9es par des familles de commer\u00e7ants burgalais, ce qui en fait un t\u00e9moignage unique de la mani\u00e8re dont la bourgeoisie marchande a \u00e9galement fa\u00e7onn\u00e9 l'art religieux de la ville.<\/p>\n\n<div style=\"background:#fef2f2; border-left:4px solid #6b2737; padding:18px 22px; margin:32px 0;\">\n<p style=\"margin:0 0 10px 0;\"><strong>Vous avez d\u00e9j\u00e0 visit\u00e9 la cath\u00e9drale de Burgos ?<\/strong> Ne repartez pas sans voir ce qui se trouve aussi pr\u00e8s de la cath\u00e9drale de Burgos : l'autre visage de la ville m\u00e9di\u00e9vale, celui des marchands qui l'ont rendue riche. Consultez les <a href=\"https:\/\/rutadelosmercaderes.com\/fr\/horaires-et-tarifs\/\">horaires actualis\u00e9s<\/a> et achetez votre billet combin\u00e9 en ligne.<\/p>\n<p style=\"margin:0;\"><a href=\"https:\/\/rutadelosmercaderes.com\/fr\/acheter-billets\/\"><strong>Acheter des billets pour la Route des Marchands &rarr;<\/strong><\/a><\/p>\n<\/div>\n\n<p style=\"font-size:0.9em; color:#666;\">Continuez \u00e0 d\u00e9couvrir Burgos : <em>Que voir \u00e0 Burgos, le guide complet<\/em> et <em>D'autres alternatives \u00e0 la cath\u00e9drale de Burgos<\/em> (consultez les versions fran\u00e7aises de ces guides sur le blog, une fois publi\u00e9es).<\/p>\n\n<\/div>\n\n<script type=\"application\/ld+json\">\n{\n  \"@context\": \"https:\/\/schema.org\",\n  \"@type\": \"FAQPage\",\n  \"mainEntity\": [\n    {\n      \"@type\": \"Question\",\n      \"name\": \"Que peut-on visiter pr\u00e8s de la cath\u00e9drale de Burgos en peu de temps ?\",\n      \"acceptedAnswer\": {\n        \"@type\": \"Answer\",\n        \"text\": \"Pr\u00e8s de la cath\u00e9drale de Burgos, dans un rayon de moins de 6 minutes \u00e0 pied, vous pouvez terminer la Route des Marchands en moins d'une heure, m\u00eame lors d'un voyage d'une seule journ\u00e9e \u00e0 Burgos.\"\n      }\n    },\n    {\n      \"@type\": \"Question\",\n      \"name\": \"Combien co\u00fbte le billet combin\u00e9 pour les \u00e9glises de la Route des Marchands ?\",\n      \"acceptedAnswer\": {\n        \"@type\": \"Answer\",\n        \"text\": \"\u00c0 partir de 6 euros pour 2 \u00e9glises et 7 euros pour les 3 \u00e9glises (San Nicol\u00e1s de Bari, San Gil Abad et le Mus\u00e9e du Retable), avec un acc\u00e8s inclus \u00e0 l'application-guide officielle de l'itin\u00e9raire.\"\n      }\n    },\n    {\n      \"@type\": \"Question\",\n      \"name\": \"Faut-il r\u00e9server \u00e0 l'avance la Route des Marchands \u00e0 Burgos ?\",\n      \"acceptedAnswer\": {\n        \"@type\": \"Answer\",\n        \"text\": \"Ce n'est pas obligatoire, mais acheter votre billet en ligne \u00e0 l'avance permet d'\u00e9viter les files d'attente, notamment entre juin et octobre, les mois de plus forte affluence.\"\n      }\n    },\n    {\n      \"@type\": \"Question\",\n      \"name\": \"Quelle est la diff\u00e9rence entre la cath\u00e9drale de Burgos et les \u00e9glises de la Route des Marchands ?\",\n      \"acceptedAnswer\": {\n        \"@type\": \"Answer\",\n        \"text\": \"La cath\u00e9drale est un temple \u00e9piscopal construit sous le m\u00e9c\u00e9nat de l'\u00c9glise et de la noblesse. Les \u00e9glises de la Route des Marchands ont \u00e9t\u00e9 financ\u00e9es par des familles de commer\u00e7ants burgalais, ce qui en fait un t\u00e9moignage unique de la fa\u00e7on dont la bourgeoisie marchande a \u00e9galement fa\u00e7onn\u00e9 l'art religieux de la ville.\"\n      }\n    }\n  ]\n}\n<\/script>\n\n<script type=\"application\/ld+json\">\n{\n  \"@context\": \"https:\/\/schema.org\",\n  \"@type\": \"BreadcrumbList\",\n  \"itemListElement\": [\n    {\n      \"@type\": \"ListItem\",\n      \"position\": 1,\n      \"name\": \"Accueil\",\n      \"item\": \"https:\/\/rutadelosmercaderes.com\/fr\/\"\n    },\n    {\n      \"@type\": \"ListItem\",\n      \"position\": 2,\n      \"name\": \"Actualit\u00e9s\",\n      \"item\": \"https:\/\/rutadelosmercaderes.com\/fr\/actualites\/\"\n    },\n    {\n      \"@type\": \"ListItem\",\n      \"position\": 3,\n      \"name\": \"Que voir pr\u00e8s de la cath\u00e9drale de Burgos\",\n      \"item\": \"https:\/\/rutadelosmercaderes.com\/fr\/que-voir-pres-cathedrale-burgos\/\"\n    }\n  ]\n}\n<\/script>\n","protected":false},"excerpt":{"rendered":"<p>R\u00e9ponse rapide : Tout pr\u00e8s de la cath\u00e9drale de Burgos, \u00e0 seulement 5 minutes \u00e0 pied par la rue Fern\u00e1n Gonz\u00e1lez, se trouvent trois monuments que presque personne ne visite : l&rsquo;\u00e9glise de San Nicol\u00e1s de Bari, l&rsquo;\u00e9glise de San Gil Abad et le Mus\u00e9e du Retable (l&rsquo;ancienne \u00e9glise de San Esteban). Ensemble, ils forment [&hellip;]<\/p>\n","protected":false},"author":1,"featured_media":649,"comment_status":"open","ping_status":"open","sticky":false,"template":"","format":"standard","meta":{"footnotes":""},"categories":[8],"tags":[],"class_list":["post-645","post","type-post","status-publish","format-standard","has-post-thumbnail","hentry","category-non-classe"],"yoast_head":"<!-- This site is optimized with the Yoast SEO Premium plugin v27.5 (Yoast SEO v28.3) - https:\/\/yoast.com\/product\/yoast-seo-premium-wordpress\/ -->\n<title>Que voir pr\u00e8s de la cath\u00e9drale de Burgos - Route des Marchands<\/title>\n<meta name=\"description\" content=\"Pr\u00e8s de la cath\u00e9drale de Burgos : 3 \u00e9glises et palais du Burgos m\u00e9di\u00e9val que presque personne ne visite. Billets \u00e0 partir de 4 \u20ac.\" \/>\n<meta name=\"robots\" content=\"index, follow, max-snippet:-1, max-image-preview:large, max-video-preview:-1\" \/>\n<link rel=\"canonical\" href=\"https:\/\/rutadelosmercaderes.com\/fr\/2026\/09\/02\/que-voir-pres-cathedrale-burgos\/\" \/>\n<meta property=\"og:locale\" content=\"fr_FR\" \/>\n<meta property=\"og:type\" content=\"article\" \/>\n<meta property=\"og:title\" content=\"Vous \u00eates \u00e0 la cath\u00e9drale de Burgos : voici ce qui se trouve \u00e0 5 minutes \u00e0 pied (que 90 % des touristes ratent)\" \/>\n<meta property=\"og:description\" content=\"Pr\u00e8s de la cath\u00e9drale de Burgos : 3 \u00e9glises et palais du Burgos m\u00e9di\u00e9val que presque personne ne visite. Billets \u00e0 partir de 4 \u20ac.\" \/>\n<meta property=\"og:url\" content=\"https:\/\/rutadelosmercaderes.com\/fr\/2026\/09\/02\/que-voir-pres-cathedrale-burgos\/\" \/>\n<meta property=\"og:site_name\" content=\"Ars Mercatorum\" \/>\n<meta property=\"article:published_time\" content=\"2026-09-02T07:39:25+00:00\" \/>\n<meta property=\"article:modified_time\" content=\"2026-09-02T07:49:33+00:00\" \/>\n<meta name=\"author\" content=\"Winecta\" \/>\n<meta name=\"twitter:card\" content=\"summary_large_image\" \/>\n<meta name=\"twitter:label1\" content=\"\u00c9crit par\" \/>\n\t<meta name=\"twitter:data1\" content=\"Winecta\" \/>\n\t<meta name=\"twitter:label2\" content=\"Dur\u00e9e de lecture estim\u00e9e\" \/>\n\t<meta name=\"twitter:data2\" content=\"6 minutes\" \/>\n<script type=\"application\/ld+json\" class=\"yoast-schema-graph\">{\"@context\":\"https:\\\/\\\/schema.org\",\"@graph\":[{\"@type\":\"Article\",\"@id\":\"https:\\\/\\\/rutadelosmercaderes.com\\\/fr\\\/2026\\\/09\\\/02\\\/que-voir-pres-cathedrale-burgos\\\/#article\",\"isPartOf\":{\"@id\":\"https:\\\/\\\/rutadelosmercaderes.com\\\/fr\\\/2026\\\/09\\\/02\\\/que-voir-pres-cathedrale-burgos\\\/\"},\"author\":{\"name\":\"Winecta\",\"@id\":\"https:\\\/\\\/rutadelosmercaderes.com\\\/fr\\\/#\\\/schema\\\/person\\\/3bf38671ad6a6fc11593ca40c21445db\"},\"headline\":\"Vous \u00eates \u00e0 la cath\u00e9drale de Burgos : voici ce qui se trouve \u00e0 5 minutes \u00e0 pied (que 90 % des touristes ratent)\",\"datePublished\":\"2026-09-02T07:39:25+00:00\",\"dateModified\":\"2026-09-02T07:49:33+00:00\",\"mainEntityOfPage\":{\"@id\":\"https:\\\/\\\/rutadelosmercaderes.com\\\/fr\\\/2026\\\/09\\\/02\\\/que-voir-pres-cathedrale-burgos\\\/\"},\"wordCount\":1425,\"commentCount\":0,\"image\":{\"@id\":\"https:\\\/\\\/rutadelosmercaderes.com\\\/fr\\\/2026\\\/09\\\/02\\\/que-voir-pres-cathedrale-burgos\\\/#primaryimage\"},\"thumbnailUrl\":\"https:\\\/\\\/rutadelosmercaderes.com\\\/wp-content\\\/uploads\\\/2026\\\/09\\\/A-5-minutos-de-la-Catedral-Burgos.png\",\"inLanguage\":\"fr-FR\",\"potentialAction\":[{\"@type\":\"CommentAction\",\"name\":\"Comment\",\"target\":[\"https:\\\/\\\/rutadelosmercaderes.com\\\/fr\\\/2026\\\/09\\\/02\\\/que-voir-pres-cathedrale-burgos\\\/#respond\"]}]},{\"@type\":\"WebPage\",\"@id\":\"https:\\\/\\\/rutadelosmercaderes.com\\\/fr\\\/2026\\\/09\\\/02\\\/que-voir-pres-cathedrale-burgos\\\/\",\"url\":\"https:\\\/\\\/rutadelosmercaderes.com\\\/fr\\\/2026\\\/09\\\/02\\\/que-voir-pres-cathedrale-burgos\\\/\",\"name\":\"Que voir pr\u00e8s de la cath\u00e9drale de Burgos - Route des Marchands\",\"isPartOf\":{\"@id\":\"https:\\\/\\\/rutadelosmercaderes.com\\\/fr\\\/#website\"},\"primaryImageOfPage\":{\"@id\":\"https:\\\/\\\/rutadelosmercaderes.com\\\/fr\\\/2026\\\/09\\\/02\\\/que-voir-pres-cathedrale-burgos\\\/#primaryimage\"},\"image\":{\"@id\":\"https:\\\/\\\/rutadelosmercaderes.com\\\/fr\\\/2026\\\/09\\\/02\\\/que-voir-pres-cathedrale-burgos\\\/#primaryimage\"},\"thumbnailUrl\":\"https:\\\/\\\/rutadelosmercaderes.com\\\/wp-content\\\/uploads\\\/2026\\\/09\\\/A-5-minutos-de-la-Catedral-Burgos.png\",\"datePublished\":\"2026-09-02T07:39:25+00:00\",\"dateModified\":\"2026-09-02T07:49:33+00:00\",\"author\":{\"@id\":\"https:\\\/\\\/rutadelosmercaderes.com\\\/fr\\\/#\\\/schema\\\/person\\\/3bf38671ad6a6fc11593ca40c21445db\"},\"description\":\"Pr\u00e8s de la cath\u00e9drale de Burgos : 3 \u00e9glises et palais du Burgos m\u00e9di\u00e9val que presque personne ne visite. Billets \u00e0 partir de 4 \u20ac.\",\"breadcrumb\":{\"@id\":\"https:\\\/\\\/rutadelosmercaderes.com\\\/fr\\\/2026\\\/09\\\/02\\\/que-voir-pres-cathedrale-burgos\\\/#breadcrumb\"},\"inLanguage\":\"fr-FR\",\"potentialAction\":[{\"@type\":\"ReadAction\",\"target\":[\"https:\\\/\\\/rutadelosmercaderes.com\\\/fr\\\/2026\\\/09\\\/02\\\/que-voir-pres-cathedrale-burgos\\\/\"]}]},{\"@type\":\"ImageObject\",\"inLanguage\":\"fr-FR\",\"@id\":\"https:\\\/\\\/rutadelosmercaderes.com\\\/fr\\\/2026\\\/09\\\/02\\\/que-voir-pres-cathedrale-burgos\\\/#primaryimage\",\"url\":\"https:\\\/\\\/rutadelosmercaderes.com\\\/wp-content\\\/uploads\\\/2026\\\/09\\\/A-5-minutos-de-la-Catedral-Burgos.png\",\"contentUrl\":\"https:\\\/\\\/rutadelosmercaderes.com\\\/wp-content\\\/uploads\\\/2026\\\/09\\\/A-5-minutos-de-la-Catedral-Burgos.png\",\"width\":1050,\"height\":630,\"caption\":\"qu\u00e9 ver cerca de la Catedral de Burgos\"},{\"@type\":\"BreadcrumbList\",\"@id\":\"https:\\\/\\\/rutadelosmercaderes.com\\\/fr\\\/2026\\\/09\\\/02\\\/que-voir-pres-cathedrale-burgos\\\/#breadcrumb\",\"itemListElement\":[{\"@type\":\"ListItem\",\"position\":1,\"name\":\"Portada\",\"item\":\"https:\\\/\\\/rutadelosmercaderes.com\\\/fr\\\/\"},{\"@type\":\"ListItem\",\"position\":2,\"name\":\"Vous \u00eates \u00e0 la cath\u00e9drale de Burgos : voici ce qui se trouve \u00e0 5 minutes \u00e0 pied (que 90 % des touristes ratent)\"}]},{\"@type\":\"WebSite\",\"@id\":\"https:\\\/\\\/rutadelosmercaderes.com\\\/fr\\\/#website\",\"url\":\"https:\\\/\\\/rutadelosmercaderes.com\\\/fr\\\/\",\"name\":\"Ars Mercatorum\",\"description\":\"\",\"potentialAction\":[{\"@type\":\"SearchAction\",\"target\":{\"@type\":\"EntryPoint\",\"urlTemplate\":\"https:\\\/\\\/rutadelosmercaderes.com\\\/fr\\\/?s={search_term_string}\"},\"query-input\":{\"@type\":\"PropertyValueSpecification\",\"valueRequired\":true,\"valueName\":\"search_term_string\"}}],\"inLanguage\":\"fr-FR\"},{\"@type\":\"Person\",\"@id\":\"https:\\\/\\\/rutadelosmercaderes.com\\\/fr\\\/#\\\/schema\\\/person\\\/3bf38671ad6a6fc11593ca40c21445db\",\"name\":\"Winecta\",\"image\":{\"@type\":\"ImageObject\",\"inLanguage\":\"fr-FR\",\"@id\":\"https:\\\/\\\/secure.gravatar.com\\\/avatar\\\/395ee31e9b0ae4a56c9c9f5e95b814e5bc2392523a8975594c4a2cf0df8a7d6a?s=96&d=mm&r=g\",\"url\":\"https:\\\/\\\/secure.gravatar.com\\\/avatar\\\/395ee31e9b0ae4a56c9c9f5e95b814e5bc2392523a8975594c4a2cf0df8a7d6a?s=96&d=mm&r=g\",\"contentUrl\":\"https:\\\/\\\/secure.gravatar.com\\\/avatar\\\/395ee31e9b0ae4a56c9c9f5e95b814e5bc2392523a8975594c4a2cf0df8a7d6a?s=96&d=mm&r=g\",\"caption\":\"Winecta\"},\"sameAs\":[\"https:\\\/\\\/rutadelosmercaderes.com\"],\"url\":\"https:\\\/\\\/rutadelosmercaderes.com\\\/fr\\\/author\\\/winecta\\\/\"}]}<\/script>\n<!-- \/ Yoast SEO Premium plugin. -->","yoast_head_json":{"title":"Que voir pr\u00e8s de la cath\u00e9drale de Burgos - Route des Marchands","description":"Pr\u00e8s de la cath\u00e9drale de Burgos : 3 \u00e9glises et palais du Burgos m\u00e9di\u00e9val que presque personne ne visite. Billets \u00e0 partir de 4 \u20ac.","robots":{"index":"index","follow":"follow","max-snippet":"max-snippet:-1","max-image-preview":"max-image-preview:large","max-video-preview":"max-video-preview:-1"},"canonical":"https:\/\/rutadelosmercaderes.com\/fr\/2026\/09\/02\/que-voir-pres-cathedrale-burgos\/","og_locale":"fr_FR","og_type":"article","og_title":"Vous \u00eates \u00e0 la cath\u00e9drale de Burgos : voici ce qui se trouve \u00e0 5 minutes \u00e0 pied (que 90 % des touristes ratent)","og_description":"Pr\u00e8s de la cath\u00e9drale de Burgos : 3 \u00e9glises et palais du Burgos m\u00e9di\u00e9val que presque personne ne visite. Billets \u00e0 partir de 4 \u20ac.","og_url":"https:\/\/rutadelosmercaderes.com\/fr\/2026\/09\/02\/que-voir-pres-cathedrale-burgos\/","og_site_name":"Ars Mercatorum","article_published_time":"2026-09-02T07:39:25+00:00","article_modified_time":"2026-09-02T07:49:33+00:00","author":"Winecta","twitter_card":"summary_large_image","twitter_misc":{"\u00c9crit par":"Winecta","Dur\u00e9e de lecture estim\u00e9e":"6 minutes"},"schema":{"@context":"https:\/\/schema.org","@graph":[{"@type":"Article","@id":"https:\/\/rutadelosmercaderes.com\/fr\/2026\/09\/02\/que-voir-pres-cathedrale-burgos\/#article","isPartOf":{"@id":"https:\/\/rutadelosmercaderes.com\/fr\/2026\/09\/02\/que-voir-pres-cathedrale-burgos\/"},"author":{"name":"Winecta","@id":"https:\/\/rutadelosmercaderes.com\/fr\/#\/schema\/person\/3bf38671ad6a6fc11593ca40c21445db"},"headline":"Vous \u00eates \u00e0 la cath\u00e9drale de Burgos : voici ce qui se trouve \u00e0 5 minutes \u00e0 pied (que 90 % des touristes ratent)","datePublished":"2026-09-02T07:39:25+00:00","dateModified":"2026-09-02T07:49:33+00:00","mainEntityOfPage":{"@id":"https:\/\/rutadelosmercaderes.com\/fr\/2026\/09\/02\/que-voir-pres-cathedrale-burgos\/"},"wordCount":1425,"commentCount":0,"image":{"@id":"https:\/\/rutadelosmercaderes.com\/fr\/2026\/09\/02\/que-voir-pres-cathedrale-burgos\/#primaryimage"},"thumbnailUrl":"https:\/\/rutadelosmercaderes.com\/wp-content\/uploads\/2026\/09\/A-5-minutos-de-la-Catedral-Burgos.png","inLanguage":"fr-FR","potentialAction":[{"@type":"CommentAction","name":"Comment","target":["https:\/\/rutadelosmercaderes.com\/fr\/2026\/09\/02\/que-voir-pres-cathedrale-burgos\/#respond"]}]},{"@type":"WebPage","@id":"https:\/\/rutadelosmercaderes.com\/fr\/2026\/09\/02\/que-voir-pres-cathedrale-burgos\/","url":"https:\/\/rutadelosmercaderes.com\/fr\/2026\/09\/02\/que-voir-pres-cathedrale-burgos\/","name":"Que voir pr\u00e8s de la cath\u00e9drale de Burgos - Route des Marchands","isPartOf":{"@id":"https:\/\/rutadelosmercaderes.com\/fr\/#website"},"primaryImageOfPage":{"@id":"https:\/\/rutadelosmercaderes.com\/fr\/2026\/09\/02\/que-voir-pres-cathedrale-burgos\/#primaryimage"},"image":{"@id":"https:\/\/rutadelosmercaderes.com\/fr\/2026\/09\/02\/que-voir-pres-cathedrale-burgos\/#primaryimage"},"thumbnailUrl":"https:\/\/rutadelosmercaderes.com\/wp-content\/uploads\/2026\/09\/A-5-minutos-de-la-Catedral-Burgos.png","datePublished":"2026-09-02T07:39:25+00:00","dateModified":"2026-09-02T07:49:33+00:00","author":{"@id":"https:\/\/rutadelosmercaderes.com\/fr\/#\/schema\/person\/3bf38671ad6a6fc11593ca40c21445db"},"description":"Pr\u00e8s de la cath\u00e9drale de Burgos : 3 \u00e9glises et palais du Burgos m\u00e9di\u00e9val que presque personne ne visite. Billets \u00e0 partir de 4 \u20ac.","breadcrumb":{"@id":"https:\/\/rutadelosmercaderes.com\/fr\/2026\/09\/02\/que-voir-pres-cathedrale-burgos\/#breadcrumb"},"inLanguage":"fr-FR","potentialAction":[{"@type":"ReadAction","target":["https:\/\/rutadelosmercaderes.com\/fr\/2026\/09\/02\/que-voir-pres-cathedrale-burgos\/"]}]},{"@type":"ImageObject","inLanguage":"fr-FR","@id":"https:\/\/rutadelosmercaderes.com\/fr\/2026\/09\/02\/que-voir-pres-cathedrale-burgos\/#primaryimage","url":"https:\/\/rutadelosmercaderes.com\/wp-content\/uploads\/2026\/09\/A-5-minutos-de-la-Catedral-Burgos.png","contentUrl":"https:\/\/rutadelosmercaderes.com\/wp-content\/uploads\/2026\/09\/A-5-minutos-de-la-Catedral-Burgos.png","width":1050,"height":630,"caption":"qu\u00e9 ver cerca de la Catedral de Burgos"},{"@type":"BreadcrumbList","@id":"https:\/\/rutadelosmercaderes.com\/fr\/2026\/09\/02\/que-voir-pres-cathedrale-burgos\/#breadcrumb","itemListElement":[{"@type":"ListItem","position":1,"name":"Portada","item":"https:\/\/rutadelosmercaderes.com\/fr\/"},{"@type":"ListItem","position":2,"name":"Vous \u00eates \u00e0 la cath\u00e9drale de Burgos : voici ce qui se trouve \u00e0 5 minutes \u00e0 pied (que 90 % des touristes ratent)"}]},{"@type":"WebSite","@id":"https:\/\/rutadelosmercaderes.com\/fr\/#website","url":"https:\/\/rutadelosmercaderes.com\/fr\/","name":"Ars Mercatorum","description":"","potentialAction":[{"@type":"SearchAction","target":{"@type":"EntryPoint","urlTemplate":"https:\/\/rutadelosmercaderes.com\/fr\/?s={search_term_string}"},"query-input":{"@type":"PropertyValueSpecification","valueRequired":true,"valueName":"search_term_string"}}],"inLanguage":"fr-FR"},{"@type":"Person","@id":"https:\/\/rutadelosmercaderes.com\/fr\/#\/schema\/person\/3bf38671ad6a6fc11593ca40c21445db","name":"Winecta","image":{"@type":"ImageObject","inLanguage":"fr-FR","@id":"https:\/\/secure.gravatar.com\/avatar\/395ee31e9b0ae4a56c9c9f5e95b814e5bc2392523a8975594c4a2cf0df8a7d6a?s=96&d=mm&r=g","url":"https:\/\/secure.gravatar.com\/avatar\/395ee31e9b0ae4a56c9c9f5e95b814e5bc2392523a8975594c4a2cf0df8a7d6a?s=96&d=mm&r=g","contentUrl":"https:\/\/secure.gravatar.com\/avatar\/395ee31e9b0ae4a56c9c9f5e95b814e5bc2392523a8975594c4a2cf0df8a7d6a?s=96&d=mm&r=g","caption":"Winecta"},"sameAs":["https:\/\/rutadelosmercaderes.com"],"url":"https:\/\/rutadelosmercaderes.com\/fr\/author\/winecta\/"}]}},"_links":{"self":[{"href":"https:\/\/rutadelosmercaderes.com\/fr\/wp-json\/wp\/v2\/posts\/645","targetHints":{"allow":["GET"]}}],"collection":[{"href":"https:\/\/rutadelosmercaderes.com\/fr\/wp-json\/wp\/v2\/posts"}],"about":[{"href":"https:\/\/rutadelosmercaderes.com\/fr\/wp-json\/wp\/v2\/types\/post"}],"author":[{"embeddable":true,"href":"https:\/\/rutadelosmercaderes.com\/fr\/wp-json\/wp\/v2\/users\/1"}],"replies":[{"embeddable":true,"href":"https:\/\/rutadelosmercaderes.com\/fr\/wp-json\/wp\/v2\/comments?post=645"}],"version-history":[{"count":1,"href":"https:\/\/rutadelosmercaderes.com\/fr\/wp-json\/wp\/v2\/posts\/645\/revisions"}],"predecessor-version":[{"id":646,"href":"https:\/\/rutadelosmercaderes.com\/fr\/wp-json\/wp\/v2\/posts\/645\/revisions\/646"}],"wp:featuredmedia":[{"embeddable":true,"href":"https:\/\/rutadelosmercaderes.com\/fr\/wp-json\/wp\/v2\/media\/649"}],"wp:attachment":[{"href":"https:\/\/rutadelosmercaderes.com\/fr\/wp-json\/wp\/v2\/media?parent=645"}],"wp:term":[{"taxonomy":"category","embeddable":true,"href":"https:\/\/rutadelosmercaderes.com\/fr\/wp-json\/wp\/v2\/categories?post=645"},{"taxonomy":"post_tag","embeddable":true,"href":"https:\/\/rutadelosmercaderes.com\/fr\/wp-json\/wp\/v2\/tags?post=645"}],"curies":[{"name":"wp","href":"https:\/\/api.w.org\/{rel}","templated":true}]}}